{"id":447,"date":"2025-05-24T18:05:56","date_gmt":"2025-05-24T22:05:56","guid":{"rendered":"https:\/\/www.parquedelchoapa.cl\/home\/?p=447"},"modified":"2025-06-30T13:12:28","modified_gmt":"2025-06-30T17:12:28","slug":"mantencion-retiro-de-flores-y-adornos","status":"publish","type":"post","link":"https:\/\/www.parquedelchoapa.cl\/home\/mantencion-retiro-de-flores-y-adornos\/","title":{"rendered":"Mantenci\u00f3n, retiro de flores y adornos"},"content":{"rendered":"\n<p>La mantenci\u00f3n general, corte de pasto, retiro de flores y adornos se realiza los d\u00edas <strong>jueves<\/strong> y <strong>viernes<\/strong> de cada mes.<\/p>\n\n\n\n<p>El reglamento interno de Parque Del Choapa no permite flores artificiales, remolinos, sombrillas o cualquier tipo de adorno.<\/p>\n\n\n\n<p>Procura mantener las l\u00e1pidas en su estado natural, sin alteraciones ni modificaciones y adornarlas con flores naturales.<\/p>\n\n\n\n<p><strong>No se retirar\u00e1n flores durante la semana que comprende:<\/strong> D\u00eda de la Madre, D\u00eda del Padre, D\u00eda del Ni\u00f1o, 1 de noviembre y navidad.<\/p>\n\n\n\n<p>Solicitudes especiales (s\u00f3lo por escrito y para cada ocasi\u00f3n): Aniversario de defunci\u00f3n, cumplea\u00f1os de la persona fallecida.<\/p>\n\n\n\n<p><\/p>\n\n\n\n<p><\/p>\n\n\n<div class=\"wp-block-image\">\n<figure class=\"aligncenter size-large\"><a href=\"https:\/\/www.parquedelchoapa.cl\/home\/wp-content\/uploads\/2025\/05\/CPDC_Reglamento_2025.jpg\" rel=\"lightbox[447]\"><img loading=\"lazy\" decoding=\"async\" width=\"658\" height=\"1024\" src=\"https:\/\/www.parquedelchoapa.cl\/home\/wp-content\/uploads\/2025\/05\/CPDC_Reglamento_2025-658x1024.jpg\" alt=\"\" class=\"wp-image-565\" srcset=\"https:\/\/www.parquedelchoapa.cl\/home\/wp-content\/uploads\/2025\/05\/CPDC_Reglamento_2025-658x1024.jpg 658w, https:\/\/www.parquedelchoapa.cl\/home\/wp-content\/uploads\/2025\/05\/CPDC_Reglamento_2025-193x300.jpg 193w, https:\/\/www.parquedelchoapa.cl\/home\/wp-content\/uploads\/2025\/05\/CPDC_Reglamento_2025-768x1195.jpg 768w, https:\/\/www.parquedelchoapa.cl\/home\/wp-content\/uploads\/2025\/05\/CPDC_Reglamento_2025.jpg 835w\" sizes=\"auto, (max-width: 658px) 100vw, 658px\" \/><\/a><\/figure><\/div>\n\n\n<p><\/p>\n\n\n\n<p><\/p>\n","protected":false},"excerpt":{"rendered":"<p>La mantenci\u00f3n general, corte de pasto, retiro de flores y adornos se realiza los d\u00edas jueves y viernes de cada mes. El reglamento interno de Parque Del Choapa no permite flores artificiales, remolinos, sombrillas o cualquier tipo de adorno. Procura<\/p>\n","protected":false},"author":2,"featured_media":0,"comment_status":"closed","ping_status":"closed","sticky":false,"template":"","format":"standard","meta":{"footnotes":""},"categories":[1],"tags":[],"class_list":["post-447","post","type-post","status-publish","format-standard","hentry","category-sin-categoria"],"_links":{"self":[{"href":"https:\/\/www.parquedelchoapa.cl\/home\/wp-json\/wp\/v2\/posts\/447","targetHints":{"allow":["GET"]}}],"collection":[{"href":"https:\/\/www.parquedelchoapa.cl\/home\/wp-json\/wp\/v2\/posts"}],"about":[{"href":"https:\/\/www.parquedelchoapa.cl\/home\/wp-json\/wp\/v2\/types\/post"}],"author":[{"embeddable":true,"href":"https:\/\/www.parquedelchoapa.cl\/home\/wp-json\/wp\/v2\/users\/2"}],"replies":[{"embeddable":true,"href":"https:\/\/www.parquedelchoapa.cl\/home\/wp-json\/wp\/v2\/comments?post=447"}],"version-history":[{"count":8,"href":"https:\/\/www.parquedelchoapa.cl\/home\/wp-json\/wp\/v2\/posts\/447\/revisions"}],"predecessor-version":[{"id":595,"href":"https:\/\/www.parquedelchoapa.cl\/home\/wp-json\/wp\/v2\/posts\/447\/revisions\/595"}],"wp:attachment":[{"href":"https:\/\/www.parquedelchoapa.cl\/home\/wp-json\/wp\/v2\/media?parent=447"}],"wp:term":[{"taxonomy":"category","embeddable":true,"href":"https:\/\/www.parquedelchoapa.cl\/home\/wp-json\/wp\/v2\/categories?post=447"},{"taxonomy":"post_tag","embeddable":true,"href":"https:\/\/www.parquedelchoapa.cl\/home\/wp-json\/wp\/v2\/tags?post=447"}],"curies":[{"name":"wp","href":"https:\/\/api.w.org\/{rel}","templated":true}]}}