{"id":191,"date":"2015-08-10T11:15:52","date_gmt":"2015-08-10T11:15:52","guid":{"rendered":"http:\/\/www.parquedelchoapa.cl\/home\/?p=191"},"modified":"2015-11-05T22:27:41","modified_gmt":"2015-11-05T22:27:41","slug":"buenas-noticias-para-los-trabajadores-y-familiares-de-las-empresas-contratistas-de-minera-los-pelambres","status":"publish","type":"post","link":"https:\/\/www.parquedelchoapa.cl\/home\/buenas-noticias-para-los-trabajadores-y-familiares-de-las-empresas-contratistas-de-minera-los-pelambres\/","title":{"rendered":"Buenas noticias&#8230;"},"content":{"rendered":"<p style=\"text-align: center;\"><strong>Logran convenio con Cementerio Parque del Choapa.<\/strong><\/p>\n<p>\u00a0<img loading=\"lazy\" decoding=\"async\" class=\"aligncenter wp-image-194 size-large\" src=\"http:\/\/www.parquedelchoapa.cl\/home\/wp-content\/uploads\/2015\/08\/ParqueChoapa-1024x535.jpg\" alt=\"ParqueConvenio\" width=\"700\" height=\"366\" srcset=\"https:\/\/www.parquedelchoapa.cl\/home\/wp-content\/uploads\/2015\/08\/ParqueChoapa-1024x535.jpg 1024w, https:\/\/www.parquedelchoapa.cl\/home\/wp-content\/uploads\/2015\/08\/ParqueChoapa-300x157.jpg 300w, https:\/\/www.parquedelchoapa.cl\/home\/wp-content\/uploads\/2015\/08\/ParqueChoapa.jpg 1200w\" sizes=\"auto, (max-width: 700px) 100vw, 700px\" \/><\/p>\n<p>El pasado martes 5 de Agosto, la Federaci\u00f3n de Sindicatos de Empresas Contratistas de Minera Los Pelambres, representada por su Presidente Eduardo J\u00e9lvez Hern\u00e1ndez, firm\u00f3 el convenio que entrega relevantes beneficios para todos los trabajadores (y sus familias) que pertenezcan a dichos sindicatos.<\/p>\n<p>El acuerdo consta de valores y condiciones de cr\u00e9dito preferenciales para la adquisici\u00f3n de sepulturas tanto para la compra futura como para la necesidad inmediata y de servicios funerarios, accediendo as\u00ed a un servicio integral ante el deceso de un ser querido.<\/p>\n<p>\u00abLa compra de una sepultura es una decisi\u00f3n familiar sumamente relevante, que tendemos a postergar\u00bb coment\u00f3 Francisca Monz\u00f3n, Gerente General de Parque del Choapa, \u00abEl acuerdo representa un gran beneficio para \u00e9stas familias, ya que es muy importante tomar una decisi\u00f3n anticipada y de gran ayuda en un momento tan doloroso como la p\u00e9rdida de un ser querido\u00bb. enfatiz\u00f3.<\/p>\n<p>Dicho convenio ya se encuentra vigente y se realizar\u00e1n charlas informativas en cada una de las empresa a partir de los pr\u00f3ximos d\u00edas.<\/p>\n","protected":false},"excerpt":{"rendered":"<p>Logran convenio con Cementerio Parque del Choapa. \u00a0 El pasado martes 5 de Agosto, la Federaci\u00f3n de Sindicatos de Empresas Contratistas de Minera Los Pelambres, representada por su Presidente Eduardo J\u00e9lvez Hern\u00e1ndez, firm\u00f3 el convenio que entrega relevantes beneficios para<\/p>\n","protected":false},"author":2,"featured_media":194,"comment_status":"closed","ping_status":"closed","sticky":false,"template":"","format":"standard","meta":{"footnotes":""},"categories":[1],"tags":[],"class_list":["post-191","post","type-post","status-publish","format-standard","has-post-thumbnail","hentry","category-sin-categoria"],"_links":{"self":[{"href":"https:\/\/www.parquedelchoapa.cl\/home\/wp-json\/wp\/v2\/posts\/191","targetHints":{"allow":["GET"]}}],"collection":[{"href":"https:\/\/www.parquedelchoapa.cl\/home\/wp-json\/wp\/v2\/posts"}],"about":[{"href":"https:\/\/www.parquedelchoapa.cl\/home\/wp-json\/wp\/v2\/types\/post"}],"author":[{"embeddable":true,"href":"https:\/\/www.parquedelchoapa.cl\/home\/wp-json\/wp\/v2\/users\/2"}],"replies":[{"embeddable":true,"href":"https:\/\/www.parquedelchoapa.cl\/home\/wp-json\/wp\/v2\/comments?post=191"}],"version-history":[{"count":7,"href":"https:\/\/www.parquedelchoapa.cl\/home\/wp-json\/wp\/v2\/posts\/191\/revisions"}],"predecessor-version":[{"id":236,"href":"https:\/\/www.parquedelchoapa.cl\/home\/wp-json\/wp\/v2\/posts\/191\/revisions\/236"}],"wp:featuredmedia":[{"embeddable":true,"href":"https:\/\/www.parquedelchoapa.cl\/home\/wp-json\/wp\/v2\/media\/194"}],"wp:attachment":[{"href":"https:\/\/www.parquedelchoapa.cl\/home\/wp-json\/wp\/v2\/media?parent=191"}],"wp:term":[{"taxonomy":"category","embeddable":true,"href":"https:\/\/www.parquedelchoapa.cl\/home\/wp-json\/wp\/v2\/categories?post=191"},{"taxonomy":"post_tag","embeddable":true,"href":"https:\/\/www.parquedelchoapa.cl\/home\/wp-json\/wp\/v2\/tags?post=191"}],"curies":[{"name":"wp","href":"https:\/\/api.w.org\/{rel}","templated":true}]}}